{"id":5168,"date":"2022-09-15T15:28:43","date_gmt":"2022-09-15T13:28:43","guid":{"rendered":"https:\/\/www.confindustries.com\/?p=5168"},"modified":"2022-09-15T15:33:45","modified_gmt":"2022-09-15T13:33:45","slug":"lets-imagine-a-new-future-together","status":"publish","type":"post","link":"https:\/\/www.confindustries.com\/fr\/lets-imagine-a-new-future-together\/","title":{"rendered":"Let\u2019s imagine a new future together"},"content":{"rendered":"<div class=\"fusion-fullwidth fullwidth-box fusion-builder-row-1 fusion-flex-container nonhundred-percent-fullwidth non-hundred-percent-height-scrolling\" style=\"--awb-border-radius-top-left:0px;--awb-border-radius-top-right:0px;--awb-border-radius-bottom-right:0px;--awb-border-radius-bottom-left:0px;--awb-padding-right:0px;--awb-padding-left:0px;--awb-flex-wrap:wrap;\" ><div class=\"fusion-builder-row fusion-row fusion-flex-align-items-flex-start fusion-flex-content-wrap\" style=\"max-width:1420.64px;margin-left: calc(-4% \/ 2 );margin-right: calc(-4% \/ 2 );\"><div class=\"fusion-layout-column fusion_builder_column fusion-builder-column-0 fusion_builder_column_1_1 1_1 fusion-flex-column\" style=\"--awb-bg-size:cover;--awb-width-large:100%;--awb-margin-top-large:0px;--awb-spacing-right-large:1.92%;--awb-margin-bottom-large:0px;--awb-spacing-left-large:1.92%;--awb-width-medium:100%;--awb-spacing-right-medium:1.92%;--awb-spacing-left-medium:1.92%;--awb-width-small:100%;--awb-spacing-right-small:1.92%;--awb-spacing-left-small:1.92%;\"><div class=\"fusion-column-wrapper fusion-flex-justify-content-flex-start fusion-content-layout-column\"><div class=\"fusion-text fusion-text-1 fusion-text-no-margin\" style=\"--awb-text-transform:none;--awb-margin-top:0px;--awb-margin-bottom:0px;\"><p>A l&rsquo;occasion de son <strong>61\u00e8me anniversaire<\/strong>, Conf Industries c\u00e9l\u00e8bre les nouvelles r\u00e9alisations et raconte son histoire. Une histoire qui plonge ses racines dans l&rsquo;apr\u00e8s-guerre et qui commence par une intuition des fondateurs, <strong>Giuseppe Ferrari<\/strong> et <strong>Giuliano Bettoni<\/strong>: ce sont eux qui ont con\u00e7u les premiers paniers en plastique pour blanchisseries industrielles et jet\u00e9 les bases d&rsquo;une entreprise en \u00e9volution continue et qui compte aujourd&rsquo;hui 5 divisions de produits.<br \/>\nL&rsquo;\u00e9volution et le renouvellement de Conf Industries ont conduit \u00e0 la n\u00e9cessit\u00e9 d&rsquo;agrandir les installations de l&rsquo;entreprise elle-m\u00eame, qui peut aujourd&rsquo;hui se vanter <strong>d&rsquo;un nouveau si\u00e8ge pour les bureaux et d&rsquo;une nouvelle zone de production<\/strong>.<\/p>\n<\/div><div class=\"fusion-image-element \" style=\"--awb-margin-top:30px;--awb-margin-bottom:30px;--awb-caption-title-font-family:var(--h2_typography-font-family);--awb-caption-title-font-weight:var(--h2_typography-font-weight);--awb-caption-title-font-style:var(--h2_typography-font-style);--awb-caption-title-size:var(--h2_typography-font-size);--awb-caption-title-transform:var(--h2_typography-text-transform);--awb-caption-title-line-height:var(--h2_typography-line-height);--awb-caption-title-letter-spacing:var(--h2_typography-letter-spacing);\"><span class=\" fusion-imageframe imageframe-none imageframe-1 hover-type-none\"><img decoding=\"async\" width=\"1280\" height=\"948\" title=\"articolo-settembre-01\" src=\"https:\/\/www.confindustries.com\/wp-content\/uploads\/2022\/09\/articolo-settembre-01.webp\" data-orig-src=\"https:\/\/www.confindustries.com\/wp-content\/uploads\/2022\/09\/articolo-settembre-01.webp\" alt class=\"lazyload img-responsive wp-image-5172\" srcset=\"data:image\/svg+xml,%3Csvg%20xmlns%3D%27http%3A%2F%2Fwww.w3.org%2F2000%2Fsvg%27%20width%3D%271280%27%20height%3D%27948%27%20viewBox%3D%270%200%201280%20948%27%3E%3Crect%20width%3D%271280%27%20height%3D%27948%27%20fill-opacity%3D%220%22%2F%3E%3C%2Fsvg%3E\" data-srcset=\"https:\/\/www.confindustries.com\/wp-content\/uploads\/2022\/09\/articolo-settembre-01-200x148.webp 200w, https:\/\/www.confindustries.com\/wp-content\/uploads\/2022\/09\/articolo-settembre-01-400x296.webp 400w, https:\/\/www.confindustries.com\/wp-content\/uploads\/2022\/09\/articolo-settembre-01-600x444.webp 600w, https:\/\/www.confindustries.com\/wp-content\/uploads\/2022\/09\/articolo-settembre-01-800x593.webp 800w, https:\/\/www.confindustries.com\/wp-content\/uploads\/2022\/09\/articolo-settembre-01-1200x889.webp 1200w, https:\/\/www.confindustries.com\/wp-content\/uploads\/2022\/09\/articolo-settembre-01.webp 1280w\" data-sizes=\"auto\" data-orig-sizes=\"(max-width: 720px) 100vw, 1280px\" \/><\/span><\/div><div class=\"fusion-text fusion-text-2 fusion-text-no-margin\" style=\"--awb-text-transform:none;--awb-margin-top:0px;--awb-margin-bottom:0px;\"><p>Pour couronner ces objectifs et jeter un regard vers l&rsquo;avenir, Conf Industries consacre les samedi 17 et dimanche 18 \u00e0 l&rsquo;\u00e9v\u00e9nement <strong>\u201cLet\u2019s imagine a new future together\u201d<\/strong>. Une soir\u00e9e sera d\u00e9di\u00e9e aux clients, fournisseurs et collaborateurs, indispensables au succ\u00e8s de l&rsquo;entreprise. Dimanche, cependant, Conf Industries ouvre ses portes avec une journ\u00e9e portes ouvertes \u00e0 la population de Travagliato, la ville qui abrite le si\u00e8ge social et qui fait partie int\u00e9grante de l&rsquo;histoire de l&rsquo;entreprise.<\/p>\n<\/div><\/div><\/div><\/div><\/div>\n","protected":false},"excerpt":{"rendered":"<p>61\u00e8me anniversaire Conf Industries<\/p>\n","protected":false},"author":1,"featured_media":5177,"comment_status":"closed","ping_status":"closed","sticky":false,"template":"","format":"standard","meta":{"_acf_changed":false,"footnotes":""},"categories":[59],"tags":[],"class_list":["post-5168","post","type-post","status-publish","format-standard","has-post-thumbnail","hentry","category-news-fr"],"acf":[],"_links":{"self":[{"href":"https:\/\/www.confindustries.com\/fr\/wp-json\/wp\/v2\/posts\/5168","targetHints":{"allow":["GET"]}}],"collection":[{"href":"https:\/\/www.confindustries.com\/fr\/wp-json\/wp\/v2\/posts"}],"about":[{"href":"https:\/\/www.confindustries.com\/fr\/wp-json\/wp\/v2\/types\/post"}],"author":[{"embeddable":true,"href":"https:\/\/www.confindustries.com\/fr\/wp-json\/wp\/v2\/users\/1"}],"replies":[{"embeddable":true,"href":"https:\/\/www.confindustries.com\/fr\/wp-json\/wp\/v2\/comments?post=5168"}],"version-history":[{"count":2,"href":"https:\/\/www.confindustries.com\/fr\/wp-json\/wp\/v2\/posts\/5168\/revisions"}],"predecessor-version":[{"id":5186,"href":"https:\/\/www.confindustries.com\/fr\/wp-json\/wp\/v2\/posts\/5168\/revisions\/5186"}],"wp:featuredmedia":[{"embeddable":true,"href":"https:\/\/www.confindustries.com\/fr\/wp-json\/wp\/v2\/media\/5177"}],"wp:attachment":[{"href":"https:\/\/www.confindustries.com\/fr\/wp-json\/wp\/v2\/media?parent=5168"}],"wp:term":[{"taxonomy":"category","embeddable":true,"href":"https:\/\/www.confindustries.com\/fr\/wp-json\/wp\/v2\/categories?post=5168"},{"taxonomy":"post_tag","embeddable":true,"href":"https:\/\/www.confindustries.com\/fr\/wp-json\/wp\/v2\/tags?post=5168"}],"curies":[{"name":"wp","href":"https:\/\/api.w.org\/{rel}","templated":true}]}}