{"id":7592,"date":"2025-07-30T08:21:08","date_gmt":"2025-07-30T06:21:08","guid":{"rendered":"https:\/\/www.confindustries.com\/?p=7592"},"modified":"2025-07-30T09:29:20","modified_gmt":"2025-07-30T07:29:20","slug":"pausa-estival-2025","status":"publish","type":"post","link":"https:\/\/www.confindustries.com\/es\/pausa-estival-2025\/","title":{"rendered":"Pausa estival 2025"},"content":{"rendered":"<div class=\"fusion-fullwidth fullwidth-box fusion-builder-row-1 fusion-flex-container nonhundred-percent-fullwidth non-hundred-percent-height-scrolling\" style=\"--awb-border-radius-top-left:0px;--awb-border-radius-top-right:0px;--awb-border-radius-bottom-right:0px;--awb-border-radius-bottom-left:0px;--awb-padding-right:0px;--awb-padding-left:0px;--awb-flex-wrap:wrap;\" ><div class=\"fusion-builder-row fusion-row fusion-flex-align-items-flex-start fusion-flex-content-wrap\" style=\"max-width:1420.64px;margin-left: calc(-4% \/ 2 );margin-right: calc(-4% \/ 2 );\"><div class=\"fusion-layout-column fusion_builder_column fusion-builder-column-0 fusion_builder_column_1_1 1_1 fusion-flex-column\" style=\"--awb-bg-size:cover;--awb-width-large:100%;--awb-margin-top-large:0px;--awb-spacing-right-large:1.92%;--awb-margin-bottom-large:0px;--awb-spacing-left-large:1.92%;--awb-width-medium:100%;--awb-spacing-right-medium:1.92%;--awb-spacing-left-medium:1.92%;--awb-width-small:100%;--awb-spacing-right-small:1.92%;--awb-spacing-left-small:1.92%;\"><div class=\"fusion-column-wrapper fusion-flex-justify-content-flex-start fusion-content-layout-column\"><div class=\"fusion-text fusion-text-1 fusion-text-no-margin\" style=\"--awb-text-transform:none;--awb-margin-top:0px;--awb-margin-bottom:0px;\"><p>Tambi\u00e9n para nosotros ha llegado el momento de desconectar, reducir el ritmo y dejarnos inspirar por el sol, el mar y la ligereza de los d\u00edas de agosto.<br \/>\nNuestras oficinas permanecer\u00e1n cerradas del <strong>11 al 24 de agosto<\/strong>.<br \/>\nVolveremos el<strong> 25 de agosto<\/strong>, listos para comenzar de nuevo con ideas renovadas y la energ\u00eda necesaria para afrontar la segunda mitad del a\u00f1o.<br \/>\nMientras tanto, os deseamos que encontr\u00e9is tiempo para vosotros : ya sea en la playa, en la monta\u00f1a o simplemente en casa. Que disfrut\u00e9is de cada momento!<\/p>\n<p><strong>\u00a1Feliz verano!<\/strong><\/p>\n<\/div><\/div><\/div><\/div><\/div>\n","protected":false},"excerpt":{"rendered":"<p>Descanso veraniego del 11 al 24 de agosto<\/p>\n","protected":false},"author":3,"featured_media":7617,"comment_status":"closed","ping_status":"closed","sticky":false,"template":"","format":"standard","meta":{"_acf_changed":false,"footnotes":""},"categories":[61],"tags":[],"class_list":["post-7592","post","type-post","status-publish","format-standard","has-post-thumbnail","hentry","category-news-es"],"acf":[],"_links":{"self":[{"href":"https:\/\/www.confindustries.com\/es\/wp-json\/wp\/v2\/posts\/7592","targetHints":{"allow":["GET"]}}],"collection":[{"href":"https:\/\/www.confindustries.com\/es\/wp-json\/wp\/v2\/posts"}],"about":[{"href":"https:\/\/www.confindustries.com\/es\/wp-json\/wp\/v2\/types\/post"}],"author":[{"embeddable":true,"href":"https:\/\/www.confindustries.com\/es\/wp-json\/wp\/v2\/users\/3"}],"replies":[{"embeddable":true,"href":"https:\/\/www.confindustries.com\/es\/wp-json\/wp\/v2\/comments?post=7592"}],"version-history":[{"count":2,"href":"https:\/\/www.confindustries.com\/es\/wp-json\/wp\/v2\/posts\/7592\/revisions"}],"predecessor-version":[{"id":7602,"href":"https:\/\/www.confindustries.com\/es\/wp-json\/wp\/v2\/posts\/7592\/revisions\/7602"}],"wp:featuredmedia":[{"embeddable":true,"href":"https:\/\/www.confindustries.com\/es\/wp-json\/wp\/v2\/media\/7617"}],"wp:attachment":[{"href":"https:\/\/www.confindustries.com\/es\/wp-json\/wp\/v2\/media?parent=7592"}],"wp:term":[{"taxonomy":"category","embeddable":true,"href":"https:\/\/www.confindustries.com\/es\/wp-json\/wp\/v2\/categories?post=7592"},{"taxonomy":"post_tag","embeddable":true,"href":"https:\/\/www.confindustries.com\/es\/wp-json\/wp\/v2\/tags?post=7592"}],"curies":[{"name":"wp","href":"https:\/\/api.w.org\/{rel}","templated":true}]}}