{"id":5167,"date":"2022-09-15T15:28:43","date_gmt":"2022-09-15T13:28:43","guid":{"rendered":"https:\/\/www.confindustries.com\/?p=5167"},"modified":"2022-09-15T15:35:40","modified_gmt":"2022-09-15T13:35:40","slug":"lets-imagine-a-new-future-together","status":"publish","type":"post","link":"https:\/\/www.confindustries.com\/es\/lets-imagine-a-new-future-together\/","title":{"rendered":"Let\u2019s imagine a new future together"},"content":{"rendered":"<div class=\"fusion-fullwidth fullwidth-box fusion-builder-row-1 fusion-flex-container nonhundred-percent-fullwidth non-hundred-percent-height-scrolling\" style=\"--awb-border-radius-top-left:0px;--awb-border-radius-top-right:0px;--awb-border-radius-bottom-right:0px;--awb-border-radius-bottom-left:0px;--awb-padding-right:0px;--awb-padding-left:0px;--awb-flex-wrap:wrap;\" ><div class=\"fusion-builder-row fusion-row fusion-flex-align-items-flex-start fusion-flex-content-wrap\" style=\"max-width:1420.64px;margin-left: calc(-4% \/ 2 );margin-right: calc(-4% \/ 2 );\"><div class=\"fusion-layout-column fusion_builder_column fusion-builder-column-0 fusion_builder_column_1_1 1_1 fusion-flex-column\" style=\"--awb-bg-size:cover;--awb-width-large:100%;--awb-margin-top-large:0px;--awb-spacing-right-large:1.92%;--awb-margin-bottom-large:0px;--awb-spacing-left-large:1.92%;--awb-width-medium:100%;--awb-spacing-right-medium:1.92%;--awb-spacing-left-medium:1.92%;--awb-width-small:100%;--awb-spacing-right-small:1.92%;--awb-spacing-left-small:1.92%;\"><div class=\"fusion-column-wrapper fusion-flex-justify-content-flex-start fusion-content-layout-column\"><div class=\"fusion-text fusion-text-1 fusion-text-no-margin\" style=\"--awb-text-transform:none;--awb-margin-top:0px;--awb-margin-bottom:0px;\"><p>Con motivo de su <strong>61 aniversario, Conf Industries<\/strong> celebra los nuevos objetivos alcanzados y cuenta su historia. Una historia que tiene sus ra\u00edces en el per\u00edodo de la segunda posguerra y que parte de una intuici\u00f3n de los fundadores, <strong>Giuseppe Ferrari<\/strong> y <strong>Giuliano Bettoni<\/strong>: fueron ellos quienes dise\u00f1aron las primeras cestas de pl\u00e1stico para lavander\u00edas industriales y sentaron las bases de una empresa que est\u00e1 en constante evoluci\u00f3n y que hoy cuenta con 5 divisiones de productos.<br \/>\nLa evoluci\u00f3n y renovaci\u00f3n de Conf Industries ha llevado a la necesidad de ampliar las estructuras de la propia empresa, que hoy puede presumir de una <strong>nueva sede para oficinas y una nueva \u00e1rea para la producci\u00f3n<\/strong>.<\/p>\n<\/div><div class=\"fusion-image-element \" style=\"--awb-margin-top:30px;--awb-margin-bottom:30px;--awb-caption-title-font-family:var(--h2_typography-font-family);--awb-caption-title-font-weight:var(--h2_typography-font-weight);--awb-caption-title-font-style:var(--h2_typography-font-style);--awb-caption-title-size:var(--h2_typography-font-size);--awb-caption-title-transform:var(--h2_typography-text-transform);--awb-caption-title-line-height:var(--h2_typography-line-height);--awb-caption-title-letter-spacing:var(--h2_typography-letter-spacing);\"><span class=\" fusion-imageframe imageframe-none imageframe-1 hover-type-none\"><img decoding=\"async\" width=\"1280\" height=\"948\" title=\"articolo-settembre-01\" src=\"https:\/\/www.confindustries.com\/wp-content\/uploads\/2022\/09\/articolo-settembre-01.webp\" data-orig-src=\"https:\/\/www.confindustries.com\/wp-content\/uploads\/2022\/09\/articolo-settembre-01.webp\" alt class=\"lazyload img-responsive wp-image-5174\" srcset=\"data:image\/svg+xml,%3Csvg%20xmlns%3D%27http%3A%2F%2Fwww.w3.org%2F2000%2Fsvg%27%20width%3D%271280%27%20height%3D%27948%27%20viewBox%3D%270%200%201280%20948%27%3E%3Crect%20width%3D%271280%27%20height%3D%27948%27%20fill-opacity%3D%220%22%2F%3E%3C%2Fsvg%3E\" data-srcset=\"https:\/\/www.confindustries.com\/wp-content\/uploads\/2022\/09\/articolo-settembre-01-200x148.webp 200w, https:\/\/www.confindustries.com\/wp-content\/uploads\/2022\/09\/articolo-settembre-01-400x296.webp 400w, https:\/\/www.confindustries.com\/wp-content\/uploads\/2022\/09\/articolo-settembre-01-600x444.webp 600w, https:\/\/www.confindustries.com\/wp-content\/uploads\/2022\/09\/articolo-settembre-01-800x593.webp 800w, https:\/\/www.confindustries.com\/wp-content\/uploads\/2022\/09\/articolo-settembre-01-1200x889.webp 1200w, https:\/\/www.confindustries.com\/wp-content\/uploads\/2022\/09\/articolo-settembre-01.webp 1280w\" data-sizes=\"auto\" data-orig-sizes=\"(max-width: 720px) 100vw, 1280px\" \/><\/span><\/div><div class=\"fusion-text fusion-text-2 fusion-text-no-margin\" style=\"--awb-text-transform:none;--awb-margin-top:0px;--awb-margin-bottom:0px;\"><p>Para coronar estos objetivos y echar la vista al <strong>futuro<\/strong>, Conf Industries dedica el s\u00e1bado 17 y el domingo 18 al evento <strong>\u201cLet\u2019s imagine a new future together\u201d<\/strong>.<br \/>\nSe dedicar\u00e1 una velada a clientes, proveedores y colaboradores, imprescindibles para el \u00e9xito empresarial. El domingo Conf Industries abre sus puertas con una Jornada de Puertas Abiertas a la poblaci\u00f3n de Travagliato, una ciudad que alberga la sede y que es una parte integral de la historia de la compa\u00f1\u00eda.<\/p>\n<\/div><\/div><\/div><\/div><\/div>\n","protected":false},"excerpt":{"rendered":"<p>61 a\u00f1os de Conf Industries<\/p>\n","protected":false},"author":1,"featured_media":5179,"comment_status":"closed","ping_status":"closed","sticky":false,"template":"","format":"standard","meta":{"_acf_changed":false,"footnotes":""},"categories":[61],"tags":[],"class_list":["post-5167","post","type-post","status-publish","format-standard","has-post-thumbnail","hentry","category-news-es"],"acf":[],"_links":{"self":[{"href":"https:\/\/www.confindustries.com\/es\/wp-json\/wp\/v2\/posts\/5167","targetHints":{"allow":["GET"]}}],"collection":[{"href":"https:\/\/www.confindustries.com\/es\/wp-json\/wp\/v2\/posts"}],"about":[{"href":"https:\/\/www.confindustries.com\/es\/wp-json\/wp\/v2\/types\/post"}],"author":[{"embeddable":true,"href":"https:\/\/www.confindustries.com\/es\/wp-json\/wp\/v2\/users\/1"}],"replies":[{"embeddable":true,"href":"https:\/\/www.confindustries.com\/es\/wp-json\/wp\/v2\/comments?post=5167"}],"version-history":[{"count":1,"href":"https:\/\/www.confindustries.com\/es\/wp-json\/wp\/v2\/posts\/5167\/revisions"}],"predecessor-version":[{"id":5187,"href":"https:\/\/www.confindustries.com\/es\/wp-json\/wp\/v2\/posts\/5167\/revisions\/5187"}],"wp:featuredmedia":[{"embeddable":true,"href":"https:\/\/www.confindustries.com\/es\/wp-json\/wp\/v2\/media\/5179"}],"wp:attachment":[{"href":"https:\/\/www.confindustries.com\/es\/wp-json\/wp\/v2\/media?parent=5167"}],"wp:term":[{"taxonomy":"category","embeddable":true,"href":"https:\/\/www.confindustries.com\/es\/wp-json\/wp\/v2\/categories?post=5167"},{"taxonomy":"post_tag","embeddable":true,"href":"https:\/\/www.confindustries.com\/es\/wp-json\/wp\/v2\/tags?post=5167"}],"curies":[{"name":"wp","href":"https:\/\/api.w.org\/{rel}","templated":true}]}}